{"id":2874,"date":"2026-08-29T11:37:18","date_gmt":"2026-08-29T09:37:18","guid":{"rendered":"https:\/\/foodsharing-lkofw.de\/?p=2874"},"modified":"2026-08-31T11:49:06","modified_gmt":"2026-08-31T09:49:06","slug":"tag-der-lebensmittelrettung-gemeinsam-gegen-lebensmittelverschwendung","status":"publish","type":"post","link":"https:\/\/foodsharing-lkofw.de\/index.php\/2026\/08\/29\/tag-der-lebensmittelrettung-gemeinsam-gegen-lebensmittelverschwendung\/","title":{"rendered":"Tag der Lebensmittelrettung \u2013 gemeinsam gegen Lebensmittelverschwendung!"},"content":{"rendered":"<p>Am <strong>Samstag, den 26. September 2026<\/strong>, dreht sich im <strong>Stadtteilzentrum West in Neu-Isenburg<\/strong> alles um ein Thema, das uns besonders am Herzen liegt: <strong>Lebensmittel retten statt wegwerfen!<\/strong><\/p>\n<p>Von <strong>10:00 bis 14:00 Uhr<\/strong> laden wir euch herzlich zu unserem <strong>Tag der Lebensmittelrettung<\/strong> ein. Gemeinsam m\u00f6chten wir zeigen, warum noch immer so viele genie\u00dfbare Lebensmittel aussortiert werden \u2013 und vor allem, was wir alle dagegen tun k\u00f6nnen.<\/p>\n<p>Freut euch auf einen abwechslungsreichen Tag f\u00fcr Gro\u00df und Klein:<\/p>\n<ul>\n<li>\ud83c\udf4e <strong>Ausstellung rund um Lebensmittelverschwendung<\/strong> \u2013 erfahrt, warum Lebensmittel aussortiert werden und was anschlie\u00dfend mit ihnen passiert.<\/li>\n<li>\ud83d\udc68\u200d\ud83d\udc69\u200d\ud83d\udc67\u200d\ud83d\udc66 <strong>Kinder &amp; Familien<\/strong> \u2013 mit Rallye, Quiz, Mitmachaktionen und kreativen Angeboten.<\/li>\n<li>\ud83e\uddc7 <strong>Leckeres aus geretteten Lebensmitteln<\/strong> \u2013 unter anderem gerettete Backwaren, frisch gebackene Waffeln sowie Kaffee und Getr\u00e4nke.<\/li>\n<li>\ud83d\udc9a <strong>foodsharing kennenlernen<\/strong> \u2013 kommt mit uns ins Gespr\u00e4ch und erfahrt mehr \u00fcber unsere Arbeit und dar\u00fcber, wie Lebensmittelrettung ganz praktisch funktioniert.<\/li>\n<\/ul>\n<p>Nat\u00fcrlich bleibt auch genug Zeit zum Austausch, Kennenlernen und gemeinsamen Genie\u00dfen.<\/p>\n<p><strong>\ud83d\udcc5<\/strong><strong> Samstag, 26. September 2026<\/strong><br \/>\n<strong>\u23f0<\/strong><strong> 10:00\u201314:00 Uhr<\/strong><br \/>\n<strong>\ud83d\udccd<\/strong><strong> Stadtteilzentrum West, Neu-Isenburg<\/strong><br \/>\n<strong>\ud83c\udf9f\ufe0f<\/strong><strong> Eintritt frei!<\/strong><\/p>\n<p>Eine Anmeldung ist <strong>nicht erforderlich<\/strong> \u2013 ihr k\u00f6nnt jederzeit spontan vorbeikommen. Wenn ihr schon wisst, dass ihr dabei seid, freuen wir uns aber \u00fcber eine <a href=\"https:\/\/docs.google.com\/forms\/d\/e\/1FAIpQLSdnCv_ahQpK5hch9gAtHKPH6dslOz-8WpWjm_mXeCBqb80rPA\/viewform\">kurze unverbindliche R\u00fcckmeldung<\/a>. Das hilft uns bei der Planung.<\/p>\n<p>Ob ihr foodsharing schon kennt oder einfach neugierig seid: <strong>Kommt vorbei, bringt eure Familie und Freunde mit und verbringt mit uns einen sch\u00f6nen Tag rund um das Retten und Wertsch\u00e4tzen von Lebensmitteln.<\/strong><\/p>\n<p>Denn: <strong>Jedes Lebensmittel z\u00e4hlt! <\/strong><strong>\ud83d\udc9a<\/strong><img decoding=\"async\" class=\"lazyload alignnone size-full wp-image-2875\" src=\"https:\/\/foodsharing-lkofw.de\/wp-content\/uploads\/2026\/08\/Plakat_Lebensmittelrettung_beide_QR_original-scaled.jpg\" data-orig-src=\"https:\/\/foodsharing-lkofw.de\/wp-content\/uploads\/2026\/08\/Plakat_Lebensmittelrettung_beide_QR_original-scaled.jpg\" alt=\"\" width=\"1707\" height=\"2560\" srcset=\"data:image\/svg+xml,%3Csvg%20xmlns%3D%27http%3A%2F%2Fwww.w3.org%2F2000%2Fsvg%27%20width%3D%271707%27%20height%3D%272560%27%20viewBox%3D%270%200%201707%202560%27%3E%3Crect%20width%3D%271707%27%20height%3D%272560%27%20fill-opacity%3D%220%22%2F%3E%3C%2Fsvg%3E\" data-srcset=\"https:\/\/foodsharing-lkofw.de\/wp-content\/uploads\/2026\/08\/Plakat_Lebensmittelrettung_beide_QR_original-200x300.jpg 200w, https:\/\/foodsharing-lkofw.de\/wp-content\/uploads\/2026\/08\/Plakat_Lebensmittelrettung_beide_QR_original-400x600.jpg 400w, https:\/\/foodsharing-lkofw.de\/wp-content\/uploads\/2026\/08\/Plakat_Lebensmittelrettung_beide_QR_original-600x900.jpg 600w, https:\/\/foodsharing-lkofw.de\/wp-content\/uploads\/2026\/08\/Plakat_Lebensmittelrettung_beide_QR_original-683x1024.jpg 683w, https:\/\/foodsharing-lkofw.de\/wp-content\/uploads\/2026\/08\/Plakat_Lebensmittelrettung_beide_QR_original-768x1152.jpg 768w, https:\/\/foodsharing-lkofw.de\/wp-content\/uploads\/2026\/08\/Plakat_Lebensmittelrettung_beide_QR_original-800x1200.jpg 800w, https:\/\/foodsharing-lkofw.de\/wp-content\/uploads\/2026\/08\/Plakat_Lebensmittelrettung_beide_QR_original-1024x1536.jpg 1024w, https:\/\/foodsharing-lkofw.de\/wp-content\/uploads\/2026\/08\/Plakat_Lebensmittelrettung_beide_QR_original-1200x1800.jpg 1200w, https:\/\/foodsharing-lkofw.de\/wp-content\/uploads\/2026\/08\/Plakat_Lebensmittelrettung_beide_QR_original-1365x2048.jpg 1365w, https:\/\/foodsharing-lkofw.de\/wp-content\/uploads\/2026\/08\/Plakat_Lebensmittelrettung_beide_QR_original-scaled.jpg 1707w\" data-sizes=\"auto\" data-orig-sizes=\"(max-width: 1707px) 100vw, 1707px\" \/><\/p>\n","protected":false},"excerpt":{"rendered":"<p>Am Samstag, den 26. September 2026, dreht sich im Stadtteilzentrum West in Neu-Isenburg alles um<\/p>\n","protected":false},"author":2,"featured_media":2875,"comment_status":"open","ping_status":"closed","sticky":false,"template":"","format":"standard","meta":{"footnotes":""},"categories":[31,2,3,32],"tags":[],"class_list":["post-2874","post","type-post","status-publish","format-standard","has-post-thumbnail","hentry","category-allgemein","category-daily-featured","category-featured","category-veranstaltung"],"_links":{"self":[{"href":"https:\/\/foodsharing-lkofw.de\/index.php\/wp-json\/wp\/v2\/posts\/2874","targetHints":{"allow":["GET"]}}],"collection":[{"href":"https:\/\/foodsharing-lkofw.de\/index.php\/wp-json\/wp\/v2\/posts"}],"about":[{"href":"https:\/\/foodsharing-lkofw.de\/index.php\/wp-json\/wp\/v2\/types\/post"}],"author":[{"embeddable":true,"href":"https:\/\/foodsharing-lkofw.de\/index.php\/wp-json\/wp\/v2\/users\/2"}],"replies":[{"embeddable":true,"href":"https:\/\/foodsharing-lkofw.de\/index.php\/wp-json\/wp\/v2\/comments?post=2874"}],"version-history":[{"count":3,"href":"https:\/\/foodsharing-lkofw.de\/index.php\/wp-json\/wp\/v2\/posts\/2874\/revisions"}],"predecessor-version":[{"id":2878,"href":"https:\/\/foodsharing-lkofw.de\/index.php\/wp-json\/wp\/v2\/posts\/2874\/revisions\/2878"}],"wp:featuredmedia":[{"embeddable":true,"href":"https:\/\/foodsharing-lkofw.de\/index.php\/wp-json\/wp\/v2\/media\/2875"}],"wp:attachment":[{"href":"https:\/\/foodsharing-lkofw.de\/index.php\/wp-json\/wp\/v2\/media?parent=2874"}],"wp:term":[{"taxonomy":"category","embeddable":true,"href":"https:\/\/foodsharing-lkofw.de\/index.php\/wp-json\/wp\/v2\/categories?post=2874"},{"taxonomy":"post_tag","embeddable":true,"href":"https:\/\/foodsharing-lkofw.de\/index.php\/wp-json\/wp\/v2\/tags?post=2874"}],"curies":[{"name":"wp","href":"https:\/\/api.w.org\/{rel}","templated":true}]}}